{"id":7949,"date":"2020-09-08T12:09:10","date_gmt":"2020-09-08T10:09:10","guid":{"rendered":"https:\/\/www.molinosdeviento.nl\/amsterdam-spanish-film-festival\/"},"modified":"2025-03-06T14:03:45","modified_gmt":"2025-03-06T13:03:45","slug":"amsterdam-spanish-film-festival","status":"publish","type":"post","link":"https:\/\/www.molinosdeviento.nl\/en\/amsterdam-spanish-film-festival\/","title":{"rendered":"Amsterdam Spanish film festival"},"content":{"rendered":"<div class=\"wpb-content-wrapper\"><p>[vc_row css_animation=&#8221;&#8221; row_type=&#8221;row&#8221; use_row_as_full_screen_section=&#8221;no&#8221; type=&#8221;full_width&#8221; angled_section=&#8221;no&#8221; text_align=&#8221;left&#8221; background_image_as_pattern=&#8221;without_pattern&#8221;][vc_column][vc_column_text]After its cancellation in May, the Spanish Film Festival is back and welcomes you to its 6th REVIVED edition. The SFF has put together a very special program adapted to the new measures to safely enjoy Spanish film and culture. <\/p>\n<p>Discover a carefully chosen selection of films from different genres that shows the fascinating diversity of Spanish cinema in all its richness! From captivating thrillers and action films to entertaining comedies, moving dramas and documentaries, this selection will once again demonstrate the dynamism and creativity of Spanish cinema today. <\/p>\n<p>The full program of the Spanish Film Festival has been announced. Ticket sales have also started through the websites of participating Amsterdam cinemas. <\/p>\n<p>Below are some of the program components.<\/p>\n<h3>Highlights<\/h3>\n<p>Fresh new voices such as Bel\u00e9n Funes, Isabel Lamberti, Pilar Palomero, Leticia Dolera, Luc\u00eda Alemany, Paula Cons &amp; Nuria Gim\u00e9nez will shape the program that is mainly led and represented by women! This 6th edition stands out by highlighting and encouraging female talent. Coincidentally, this program consists of 80% films directed by women.  <\/p>\n<p>This year, our Spanish Cinema Without Fear section meets the Netherlands! Spanish and Dutch cinema join forces in this intercultural exchange. This section meets the Netherlands with a very special showcase focused on Spanish and Dutch co-productions that defy tradition and have the courage to experiment. They enter the periphery of the Spanish film industry and cross the boundaries of the traditional narrative. The filmmakers in this category who are based in the Netherlands will join us at the festival to present their work and bring additional background and insight to our screenings.    <\/p>\n<p>We are also very proud to announce that full program are almost all Dutch premieres! Most of the films we are bringing are new titles straight from screenings at the San Sebastian International Film Festival and the 2020 Malaga Spanish Film Festival. <\/p>\n<ul>\n<li><a href=\"https:\/\/spanishfilmfestival.nl\/edition\/amsterdam\/\" rel=\"external\">spanishfilmfestival.nl\/edition\/amsterdam\/<\/a><\/li>\n<\/ul>\n<p>[\/vc_column_text][\/vc_column][\/vc_row]<\/p>\n<\/div>","protected":false},"excerpt":{"rendered":"<p>After its cancellation in May, the Spanish Film Festival is back and welcomes you to its 6th REVIVED edition. The SFF has put together a very special program adapted to the new measures to safely enjoy Spanish film and culture. <\/p>\n","protected":false},"author":444,"featured_media":7661,"comment_status":"closed","ping_status":"closed","sticky":false,"template":"","format":"standard","meta":{"footnotes":""},"categories":[1],"tags":[],"class_list":["post-7949","post","type-post","status-publish","format-standard","has-post-thumbnail","hentry","category-ongecategoriseerd"],"yoast_head":"<!-- This site is optimized with the Yoast SEO plugin v27.5 - https:\/\/yoast.com\/product\/yoast-seo-wordpress\/ -->\n<title>Amsterdam Spanish film festival -<\/title>\n<meta name=\"robots\" content=\"index, follow, max-snippet:-1, max-image-preview:large, max-video-preview:-1\" \/>\n<link rel=\"canonical\" href=\"https:\/\/www.molinosdeviento.nl\/en\/amsterdam-spanish-film-festival\/\" \/>\n<meta property=\"og:locale\" content=\"en_US\" \/>\n<meta property=\"og:type\" content=\"article\" \/>\n<meta property=\"og:title\" content=\"Amsterdam Spanish film festival -\" \/>\n<meta property=\"og:description\" content=\"After its cancellation in May, the Spanish Film Festival is back and welcomes you to its 6th REVIVED edition. The SFF has put together a very special program adapted to the new measures to safely enjoy Spanish film and culture.\" \/>\n<meta property=\"og:url\" content=\"https:\/\/www.molinosdeviento.nl\/en\/amsterdam-spanish-film-festival\/\" \/>\n<meta property=\"article:publisher\" content=\"https:\/\/www.facebook.com\/molinosdevientoamsterdam\" \/>\n<meta property=\"article:published_time\" content=\"2020-09-08T10:09:10+00:00\" \/>\n<meta property=\"article:modified_time\" content=\"2025-03-06T13:03:45+00:00\" \/>\n<meta property=\"og:image\" content=\"https:\/\/www.molinosdeviento.nl\/wp-content\/uploads\/2020\/09\/119058353_1178035192581148_2833206691379244813_o-scaled.jpg\" \/>\n\t<meta property=\"og:image:width\" content=\"2560\" \/>\n\t<meta property=\"og:image:height\" content=\"954\" \/>\n\t<meta property=\"og:image:type\" content=\"image\/jpeg\" \/>\n<meta name=\"author\" content=\"info@semster.nl\" \/>\n<meta name=\"twitter:card\" content=\"summary_large_image\" \/>\n<meta name=\"twitter:label1\" content=\"Written by\" \/>\n\t<meta name=\"twitter:data1\" content=\"info@semster.nl\" \/>\n\t<meta name=\"twitter:label2\" content=\"Est. reading time\" \/>\n\t<meta name=\"twitter:data2\" content=\"2 minutes\" \/>\n<script type=\"application\/ld+json\" class=\"yoast-schema-graph\">{\"@context\":\"https:\\\/\\\/schema.org\",\"@graph\":[{\"@type\":\"Article\",\"@id\":\"https:\\\/\\\/www.molinosdeviento.nl\\\/en\\\/amsterdam-spanish-film-festival\\\/#article\",\"isPartOf\":{\"@id\":\"https:\\\/\\\/www.molinosdeviento.nl\\\/en\\\/amsterdam-spanish-film-festival\\\/\"},\"author\":{\"name\":\"info@semster.nl\",\"@id\":\"https:\\\/\\\/www.molinosdeviento.nl\\\/en\\\/#\\\/schema\\\/person\\\/ed98351bb7985292c433110549ba7ef7\"},\"headline\":\"Amsterdam Spanish film festival\",\"datePublished\":\"2020-09-08T10:09:10+00:00\",\"dateModified\":\"2025-03-06T13:03:45+00:00\",\"mainEntityOfPage\":{\"@id\":\"https:\\\/\\\/www.molinosdeviento.nl\\\/en\\\/amsterdam-spanish-film-festival\\\/\"},\"wordCount\":358,\"publisher\":{\"@id\":\"https:\\\/\\\/www.molinosdeviento.nl\\\/en\\\/#organization\"},\"image\":{\"@id\":\"https:\\\/\\\/www.molinosdeviento.nl\\\/en\\\/amsterdam-spanish-film-festival\\\/#primaryimage\"},\"thumbnailUrl\":\"https:\\\/\\\/www.molinosdeviento.nl\\\/wp-content\\\/uploads\\\/2020\\\/09\\\/119058353_1178035192581148_2833206691379244813_o-scaled.jpg\",\"articleSection\":[\"Ongecategoriseerd\"],\"inLanguage\":\"en-US\"},{\"@type\":\"WebPage\",\"@id\":\"https:\\\/\\\/www.molinosdeviento.nl\\\/en\\\/amsterdam-spanish-film-festival\\\/\",\"url\":\"https:\\\/\\\/www.molinosdeviento.nl\\\/en\\\/amsterdam-spanish-film-festival\\\/\",\"name\":\"Amsterdam Spanish film festival -\",\"isPartOf\":{\"@id\":\"https:\\\/\\\/www.molinosdeviento.nl\\\/en\\\/#website\"},\"primaryImageOfPage\":{\"@id\":\"https:\\\/\\\/www.molinosdeviento.nl\\\/en\\\/amsterdam-spanish-film-festival\\\/#primaryimage\"},\"image\":{\"@id\":\"https:\\\/\\\/www.molinosdeviento.nl\\\/en\\\/amsterdam-spanish-film-festival\\\/#primaryimage\"},\"thumbnailUrl\":\"https:\\\/\\\/www.molinosdeviento.nl\\\/wp-content\\\/uploads\\\/2020\\\/09\\\/119058353_1178035192581148_2833206691379244813_o-scaled.jpg\",\"datePublished\":\"2020-09-08T10:09:10+00:00\",\"dateModified\":\"2025-03-06T13:03:45+00:00\",\"breadcrumb\":{\"@id\":\"https:\\\/\\\/www.molinosdeviento.nl\\\/en\\\/amsterdam-spanish-film-festival\\\/#breadcrumb\"},\"inLanguage\":\"en-US\",\"potentialAction\":[{\"@type\":\"ReadAction\",\"target\":[\"https:\\\/\\\/www.molinosdeviento.nl\\\/en\\\/amsterdam-spanish-film-festival\\\/\"]}]},{\"@type\":\"ImageObject\",\"inLanguage\":\"en-US\",\"@id\":\"https:\\\/\\\/www.molinosdeviento.nl\\\/en\\\/amsterdam-spanish-film-festival\\\/#primaryimage\",\"url\":\"https:\\\/\\\/www.molinosdeviento.nl\\\/wp-content\\\/uploads\\\/2020\\\/09\\\/119058353_1178035192581148_2833206691379244813_o-scaled.jpg\",\"contentUrl\":\"https:\\\/\\\/www.molinosdeviento.nl\\\/wp-content\\\/uploads\\\/2020\\\/09\\\/119058353_1178035192581148_2833206691379244813_o-scaled.jpg\",\"width\":2560,\"height\":954},{\"@type\":\"BreadcrumbList\",\"@id\":\"https:\\\/\\\/www.molinosdeviento.nl\\\/en\\\/amsterdam-spanish-film-festival\\\/#breadcrumb\",\"itemListElement\":[{\"@type\":\"ListItem\",\"position\":1,\"name\":\"Home\",\"item\":\"https:\\\/\\\/www.molinosdeviento.nl\\\/en\\\/\"},{\"@type\":\"ListItem\",\"position\":2,\"name\":\"Amsterdam Spanish film festival\"}]},{\"@type\":\"WebSite\",\"@id\":\"https:\\\/\\\/www.molinosdeviento.nl\\\/en\\\/#website\",\"url\":\"https:\\\/\\\/www.molinosdeviento.nl\\\/en\\\/\",\"name\":\"www.molinosdeviento.nl\",\"description\":\"Taalschool Spaans Amsterdam\",\"publisher\":{\"@id\":\"https:\\\/\\\/www.molinosdeviento.nl\\\/en\\\/#organization\"},\"potentialAction\":[{\"@type\":\"SearchAction\",\"target\":{\"@type\":\"EntryPoint\",\"urlTemplate\":\"https:\\\/\\\/www.molinosdeviento.nl\\\/en\\\/?s={search_term_string}\"},\"query-input\":{\"@type\":\"PropertyValueSpecification\",\"valueRequired\":true,\"valueName\":\"search_term_string\"}}],\"inLanguage\":\"en-US\"},{\"@type\":\"Organization\",\"@id\":\"https:\\\/\\\/www.molinosdeviento.nl\\\/en\\\/#organization\",\"name\":\"Molinos de Viento\",\"url\":\"https:\\\/\\\/www.molinosdeviento.nl\\\/en\\\/\",\"logo\":{\"@type\":\"ImageObject\",\"inLanguage\":\"en-US\",\"@id\":\"https:\\\/\\\/www.molinosdeviento.nl\\\/en\\\/#\\\/schema\\\/logo\\\/image\\\/\",\"url\":\"https:\\\/\\\/www.molinosdeviento.nl\\\/wp-content\\\/uploads\\\/2024\\\/12\\\/Molinos-logo-2024.webp\",\"contentUrl\":\"https:\\\/\\\/www.molinosdeviento.nl\\\/wp-content\\\/uploads\\\/2024\\\/12\\\/Molinos-logo-2024.webp\",\"width\":1201,\"height\":301,\"caption\":\"Molinos de Viento\"},\"image\":{\"@id\":\"https:\\\/\\\/www.molinosdeviento.nl\\\/en\\\/#\\\/schema\\\/logo\\\/image\\\/\"},\"sameAs\":[\"https:\\\/\\\/www.facebook.com\\\/molinosdevientoamsterdam\"]},{\"@type\":\"Person\",\"@id\":\"https:\\\/\\\/www.molinosdeviento.nl\\\/en\\\/#\\\/schema\\\/person\\\/ed98351bb7985292c433110549ba7ef7\",\"name\":\"info@semster.nl\",\"image\":{\"@type\":\"ImageObject\",\"inLanguage\":\"en-US\",\"@id\":\"https:\\\/\\\/secure.gravatar.com\\\/avatar\\\/2144ac9c1b97aff23c3b456611b2a2c02f24f13e0210b52b02a11b1b1c9d429d?s=96&d=mm&r=g\",\"url\":\"https:\\\/\\\/secure.gravatar.com\\\/avatar\\\/2144ac9c1b97aff23c3b456611b2a2c02f24f13e0210b52b02a11b1b1c9d429d?s=96&d=mm&r=g\",\"contentUrl\":\"https:\\\/\\\/secure.gravatar.com\\\/avatar\\\/2144ac9c1b97aff23c3b456611b2a2c02f24f13e0210b52b02a11b1b1c9d429d?s=96&d=mm&r=g\",\"caption\":\"info@semster.nl\"},\"url\":\"https:\\\/\\\/www.molinosdeviento.nl\\\/en\\\/author\\\/infosemster-nl\\\/\"}]}<\/script>\n<!-- \/ Yoast SEO plugin. -->","yoast_head_json":{"title":"Amsterdam Spanish film festival -","robots":{"index":"index","follow":"follow","max-snippet":"max-snippet:-1","max-image-preview":"max-image-preview:large","max-video-preview":"max-video-preview:-1"},"canonical":"https:\/\/www.molinosdeviento.nl\/en\/amsterdam-spanish-film-festival\/","og_locale":"en_US","og_type":"article","og_title":"Amsterdam Spanish film festival -","og_description":"After its cancellation in May, the Spanish Film Festival is back and welcomes you to its 6th REVIVED edition. The SFF has put together a very special program adapted to the new measures to safely enjoy Spanish film and culture.","og_url":"https:\/\/www.molinosdeviento.nl\/en\/amsterdam-spanish-film-festival\/","article_publisher":"https:\/\/www.facebook.com\/molinosdevientoamsterdam","article_published_time":"2020-09-08T10:09:10+00:00","article_modified_time":"2025-03-06T13:03:45+00:00","og_image":[{"width":2560,"height":954,"url":"https:\/\/www.molinosdeviento.nl\/wp-content\/uploads\/2020\/09\/119058353_1178035192581148_2833206691379244813_o-scaled.jpg","type":"image\/jpeg"}],"author":"info@semster.nl","twitter_card":"summary_large_image","twitter_misc":{"Written by":"info@semster.nl","Est. reading time":"2 minutes"},"schema":{"@context":"https:\/\/schema.org","@graph":[{"@type":"Article","@id":"https:\/\/www.molinosdeviento.nl\/en\/amsterdam-spanish-film-festival\/#article","isPartOf":{"@id":"https:\/\/www.molinosdeviento.nl\/en\/amsterdam-spanish-film-festival\/"},"author":{"name":"info@semster.nl","@id":"https:\/\/www.molinosdeviento.nl\/en\/#\/schema\/person\/ed98351bb7985292c433110549ba7ef7"},"headline":"Amsterdam Spanish film festival","datePublished":"2020-09-08T10:09:10+00:00","dateModified":"2025-03-06T13:03:45+00:00","mainEntityOfPage":{"@id":"https:\/\/www.molinosdeviento.nl\/en\/amsterdam-spanish-film-festival\/"},"wordCount":358,"publisher":{"@id":"https:\/\/www.molinosdeviento.nl\/en\/#organization"},"image":{"@id":"https:\/\/www.molinosdeviento.nl\/en\/amsterdam-spanish-film-festival\/#primaryimage"},"thumbnailUrl":"https:\/\/www.molinosdeviento.nl\/wp-content\/uploads\/2020\/09\/119058353_1178035192581148_2833206691379244813_o-scaled.jpg","articleSection":["Ongecategoriseerd"],"inLanguage":"en-US"},{"@type":"WebPage","@id":"https:\/\/www.molinosdeviento.nl\/en\/amsterdam-spanish-film-festival\/","url":"https:\/\/www.molinosdeviento.nl\/en\/amsterdam-spanish-film-festival\/","name":"Amsterdam Spanish film festival -","isPartOf":{"@id":"https:\/\/www.molinosdeviento.nl\/en\/#website"},"primaryImageOfPage":{"@id":"https:\/\/www.molinosdeviento.nl\/en\/amsterdam-spanish-film-festival\/#primaryimage"},"image":{"@id":"https:\/\/www.molinosdeviento.nl\/en\/amsterdam-spanish-film-festival\/#primaryimage"},"thumbnailUrl":"https:\/\/www.molinosdeviento.nl\/wp-content\/uploads\/2020\/09\/119058353_1178035192581148_2833206691379244813_o-scaled.jpg","datePublished":"2020-09-08T10:09:10+00:00","dateModified":"2025-03-06T13:03:45+00:00","breadcrumb":{"@id":"https:\/\/www.molinosdeviento.nl\/en\/amsterdam-spanish-film-festival\/#breadcrumb"},"inLanguage":"en-US","potentialAction":[{"@type":"ReadAction","target":["https:\/\/www.molinosdeviento.nl\/en\/amsterdam-spanish-film-festival\/"]}]},{"@type":"ImageObject","inLanguage":"en-US","@id":"https:\/\/www.molinosdeviento.nl\/en\/amsterdam-spanish-film-festival\/#primaryimage","url":"https:\/\/www.molinosdeviento.nl\/wp-content\/uploads\/2020\/09\/119058353_1178035192581148_2833206691379244813_o-scaled.jpg","contentUrl":"https:\/\/www.molinosdeviento.nl\/wp-content\/uploads\/2020\/09\/119058353_1178035192581148_2833206691379244813_o-scaled.jpg","width":2560,"height":954},{"@type":"BreadcrumbList","@id":"https:\/\/www.molinosdeviento.nl\/en\/amsterdam-spanish-film-festival\/#breadcrumb","itemListElement":[{"@type":"ListItem","position":1,"name":"Home","item":"https:\/\/www.molinosdeviento.nl\/en\/"},{"@type":"ListItem","position":2,"name":"Amsterdam Spanish film festival"}]},{"@type":"WebSite","@id":"https:\/\/www.molinosdeviento.nl\/en\/#website","url":"https:\/\/www.molinosdeviento.nl\/en\/","name":"www.molinosdeviento.nl","description":"Taalschool Spaans Amsterdam","publisher":{"@id":"https:\/\/www.molinosdeviento.nl\/en\/#organization"},"potentialAction":[{"@type":"SearchAction","target":{"@type":"EntryPoint","urlTemplate":"https:\/\/www.molinosdeviento.nl\/en\/?s={search_term_string}"},"query-input":{"@type":"PropertyValueSpecification","valueRequired":true,"valueName":"search_term_string"}}],"inLanguage":"en-US"},{"@type":"Organization","@id":"https:\/\/www.molinosdeviento.nl\/en\/#organization","name":"Molinos de Viento","url":"https:\/\/www.molinosdeviento.nl\/en\/","logo":{"@type":"ImageObject","inLanguage":"en-US","@id":"https:\/\/www.molinosdeviento.nl\/en\/#\/schema\/logo\/image\/","url":"https:\/\/www.molinosdeviento.nl\/wp-content\/uploads\/2024\/12\/Molinos-logo-2024.webp","contentUrl":"https:\/\/www.molinosdeviento.nl\/wp-content\/uploads\/2024\/12\/Molinos-logo-2024.webp","width":1201,"height":301,"caption":"Molinos de Viento"},"image":{"@id":"https:\/\/www.molinosdeviento.nl\/en\/#\/schema\/logo\/image\/"},"sameAs":["https:\/\/www.facebook.com\/molinosdevientoamsterdam"]},{"@type":"Person","@id":"https:\/\/www.molinosdeviento.nl\/en\/#\/schema\/person\/ed98351bb7985292c433110549ba7ef7","name":"info@semster.nl","image":{"@type":"ImageObject","inLanguage":"en-US","@id":"https:\/\/secure.gravatar.com\/avatar\/2144ac9c1b97aff23c3b456611b2a2c02f24f13e0210b52b02a11b1b1c9d429d?s=96&d=mm&r=g","url":"https:\/\/secure.gravatar.com\/avatar\/2144ac9c1b97aff23c3b456611b2a2c02f24f13e0210b52b02a11b1b1c9d429d?s=96&d=mm&r=g","contentUrl":"https:\/\/secure.gravatar.com\/avatar\/2144ac9c1b97aff23c3b456611b2a2c02f24f13e0210b52b02a11b1b1c9d429d?s=96&d=mm&r=g","caption":"info@semster.nl"},"url":"https:\/\/www.molinosdeviento.nl\/en\/author\/infosemster-nl\/"}]}},"_links":{"self":[{"href":"https:\/\/www.molinosdeviento.nl\/en\/wp-json\/wp\/v2\/posts\/7949","targetHints":{"allow":["GET"]}}],"collection":[{"href":"https:\/\/www.molinosdeviento.nl\/en\/wp-json\/wp\/v2\/posts"}],"about":[{"href":"https:\/\/www.molinosdeviento.nl\/en\/wp-json\/wp\/v2\/types\/post"}],"author":[{"embeddable":true,"href":"https:\/\/www.molinosdeviento.nl\/en\/wp-json\/wp\/v2\/users\/444"}],"replies":[{"embeddable":true,"href":"https:\/\/www.molinosdeviento.nl\/en\/wp-json\/wp\/v2\/comments?post=7949"}],"version-history":[{"count":1,"href":"https:\/\/www.molinosdeviento.nl\/en\/wp-json\/wp\/v2\/posts\/7949\/revisions"}],"predecessor-version":[{"id":7952,"href":"https:\/\/www.molinosdeviento.nl\/en\/wp-json\/wp\/v2\/posts\/7949\/revisions\/7952"}],"wp:featuredmedia":[{"embeddable":true,"href":"https:\/\/www.molinosdeviento.nl\/en\/wp-json\/wp\/v2\/media\/7661"}],"wp:attachment":[{"href":"https:\/\/www.molinosdeviento.nl\/en\/wp-json\/wp\/v2\/media?parent=7949"}],"wp:term":[{"taxonomy":"category","embeddable":true,"href":"https:\/\/www.molinosdeviento.nl\/en\/wp-json\/wp\/v2\/categories?post=7949"},{"taxonomy":"post_tag","embeddable":true,"href":"https:\/\/www.molinosdeviento.nl\/en\/wp-json\/wp\/v2\/tags?post=7949"}],"curies":[{"name":"wp","href":"https:\/\/api.w.org\/{rel}","templated":true}]}}